{"id":2059,"date":"2025-05-30T10:10:42","date_gmt":"2025-05-30T08:10:42","guid":{"rendered":"https:\/\/kulturverein-afrokonexion.org\/?p=2059"},"modified":"2025-05-30T10:44:13","modified_gmt":"2025-05-30T08:44:13","slug":"afro-connect-bbq-party-stuttgart-21-juin-2025","status":"publish","type":"post","link":"https:\/\/kulturverein-afrokonexion.org\/de\/2025\/05\/30\/afro-connect-bbq-party-stuttgart-21-juin-2025\/","title":{"rendered":"Afro Connect BBQ Party au Schlossgarten \u2013 Une Journ\u00e9e Culturelle le 21 Juin 2025 !"},"content":{"rendered":"<p data-sourcepos=\"14:1-14:94\"><strong>Stuttgart Pr\u00e9pare l&rsquo;\u00c9v\u00e9nement Afro de l&rsquo;\u00c9t\u00e9 : Le Grand AFRO CONNECT BBQ Party au Schlossgarten \u2013 Une Journ\u00e9e Culturelle le 21 Juin 2025 !<\/strong><\/p>\n<p data-sourcepos=\"16:1-16:306\">Stuttgart, pr\u00e9parez-vous pour une journ\u00e9e exceptionnelle de partage culturel, de saveurs exquises et de musique entra\u00eenante ! Le <strong>samedi 21 juin 2025<\/strong>, d\u00e8s <strong>13h00<\/strong>, le <strong>Schlossgarten Grillplatz<\/strong> vibrera au rythme de l&rsquo;Afrique et de la convivialit\u00e9 lors de la tr\u00e8s attendue <strong>AFRO CONNECT BBQ Party<\/strong>.<\/p>\n<p data-sourcepos=\"18:1-18:272\">Organis\u00e9 conjointement par <strong>Mayrule Corporation<\/strong> und <strong>Kulturverein Afrokonexion e.V.<\/strong>, cet \u00e9v\u00e9nement est une invitation ouverte \u00e0 tous pour c\u00e9l\u00e9brer la diversit\u00e9 culturelle, renforcer les liens communautaires et profiter d&rsquo;un authentique barbecue aux accents africains.<\/p>\n<p><img data-dominant-color=\"816089\" data-has-transparency=\"false\" style=\"--dominant-color: #816089;\" fetchpriority=\"high\" decoding=\"async\" class=\"alignnone wp-image-2062 not-transparent\" src=\"https:\/\/kulturverein-afrokonexion.org\/wp-content\/uploads\/2025\/05\/AFRO-CONNECT-BBQ-Party-au-Schlossgarten-\u2013-Une-Journee-Culturelle-le-21-Juin-2025-1-2-300x275.avif\" alt=\"AFRO CONNECT BBQ Party au Schlossgarten \u2013 Une Journ\u00e9e Culturelle le 21 Juin 2025 !\" width=\"404\" height=\"370\" srcset=\"https:\/\/kulturverein-afrokonexion.org\/wp-content\/uploads\/2025\/05\/AFRO-CONNECT-BBQ-Party-au-Schlossgarten-\u2013-Une-Journee-Culturelle-le-21-Juin-2025-1-2-300x275.avif 300w, https:\/\/kulturverein-afrokonexion.org\/wp-content\/uploads\/2025\/05\/AFRO-CONNECT-BBQ-Party-au-Schlossgarten-\u2013-Une-Journee-Culturelle-le-21-Juin-2025-1-2-13x12.avif 13w, https:\/\/kulturverein-afrokonexion.org\/wp-content\/uploads\/2025\/05\/AFRO-CONNECT-BBQ-Party-au-Schlossgarten-\u2013-Une-Journee-Culturelle-le-21-Juin-2025-1-2.avif 385w\" sizes=\"(max-width: 404px) 100vw, 404px\" \/><\/p>\n<p data-sourcepos=\"20:1-20:53\"><strong>Une Immersion Culinaire et Culturelle Inoubliable<\/strong><\/p>\n<p data-sourcepos=\"22:1-22:370\">Au c\u0153ur de cette c\u00e9l\u00e9bration, vos papilles seront \u00e0 la f\u00eate ! Pr\u00e9parez-vous \u00e0 d\u00e9guster des grillades savoureuses et, en vedette, le d\u00e9licieux <strong>\u00ab\u00a0Ayimolou bien dos\u00e9\u00a0\u00bb<\/strong>, un plat traditionnel qui promet un v\u00e9ritable voyage culinaire en Afrique de l&rsquo;Ouest. C&rsquo;est l&rsquo;occasion parfaite de d\u00e9couvrir ou de red\u00e9couvrir des go\u00fbts uniques dans une ambiance festive et d\u00e9contract\u00e9e.<\/p>\n<p data-sourcepos=\"24:1-24:54\"><strong>Pourquoi ne pas manquer l&rsquo;AFRO CONNECT BBQ Party ?<\/strong><\/p>\n<ul data-sourcepos=\"26:1-30:0\">\n<li data-sourcepos=\"26:1-26:86\"><strong>Go\u00fbt et Plaisir :<\/strong> Un BBQ g\u00e9ant avec des sp\u00e9cialit\u00e9s africaines comme l&rsquo;Ayimolou.<\/li>\n<li data-sourcepos=\"27:1-27:170\"><strong>Convivialit\u00e9 :<\/strong> L&rsquo;opportunit\u00e9 de rencontrer de nouvelles personnes, de partager des moments joyeux et de renforcer la coh\u00e9sion au sein de la communaut\u00e9 de Stuttgart.<\/li>\n<li data-sourcepos=\"28:1-28:88\"><strong>Culture :<\/strong> Une plong\u00e9e immersive dans l&rsquo;ambiance et la richesse de la culture afro.<\/li>\n<li data-sourcepos=\"29:1-30:0\"><strong>Lieu Id\u00e9al :<\/strong> Le cadre verdoyant et accessible du Schlossgarten Grillplatz \u00e0 Stuttgart.<\/li>\n<\/ul>\n<p><img data-dominant-color=\"6d6d84\" data-has-transparency=\"false\" style=\"--dominant-color: #6d6d84;\" decoding=\"async\" class=\"alignnone wp-image-2061 not-transparent\" src=\"https:\/\/kulturverein-afrokonexion.org\/wp-content\/uploads\/2025\/05\/AFRO-CONNECT-BBQ-Party-au-Schlossgarten-\u2013-Une-Journee-Culturelle-le-21-Juin-2025-1-1-300x300.avif\" alt=\"\" width=\"388\" height=\"388\" srcset=\"https:\/\/kulturverein-afrokonexion.org\/wp-content\/uploads\/2025\/05\/AFRO-CONNECT-BBQ-Party-au-Schlossgarten-\u2013-Une-Journee-Culturelle-le-21-Juin-2025-1-1-300x300.avif 300w, https:\/\/kulturverein-afrokonexion.org\/wp-content\/uploads\/2025\/05\/AFRO-CONNECT-BBQ-Party-au-Schlossgarten-\u2013-Une-Journee-Culturelle-le-21-Juin-2025-1-1-1024x1024.avif 1024w, https:\/\/kulturverein-afrokonexion.org\/wp-content\/uploads\/2025\/05\/AFRO-CONNECT-BBQ-Party-au-Schlossgarten-\u2013-Une-Journee-Culturelle-le-21-Juin-2025-1-1-150x150.avif 150w, https:\/\/kulturverein-afrokonexion.org\/wp-content\/uploads\/2025\/05\/AFRO-CONNECT-BBQ-Party-au-Schlossgarten-\u2013-Une-Journee-Culturelle-le-21-Juin-2025-1-1-768x768.avif 768w, https:\/\/kulturverein-afrokonexion.org\/wp-content\/uploads\/2025\/05\/AFRO-CONNECT-BBQ-Party-au-Schlossgarten-\u2013-Une-Journee-Culturelle-le-21-Juin-2025-1-1-1536x1536.avif 1536w, https:\/\/kulturverein-afrokonexion.org\/wp-content\/uploads\/2025\/05\/AFRO-CONNECT-BBQ-Party-au-Schlossgarten-\u2013-Une-Journee-Culturelle-le-21-Juin-2025-1-1-12x12.avif 12w, https:\/\/kulturverein-afrokonexion.org\/wp-content\/uploads\/2025\/05\/AFRO-CONNECT-BBQ-Party-au-Schlossgarten-\u2013-Une-Journee-Culturelle-le-21-Juin-2025-1-1.avif 2048w\" sizes=\"(max-width: 388px) 100vw, 388px\" \/><\/p>\n<p data-sourcepos=\"31:1-31:28\"><strong>D\u00e9tails de l&rsquo;\u00c9v\u00e9nement :<\/strong><\/p>\n<ul data-sourcepos=\"33:1-37:0\">\n<li data-sourcepos=\"33:1-33:35\"><strong>Quoi :<\/strong> AFRO CONNECT BBQ Party<\/li>\n<li data-sourcepos=\"34:1-34:54\"><strong>Quand :<\/strong> Vendredi 21 juin 2025, \u00e0 partir de 13h00<\/li>\n<li data-sourcepos=\"35:1-35:46\"><strong>O\u00f9 :<\/strong> Schlossgarten Grillplatz, Stuttgart<\/li>\n<li data-sourcepos=\"36:1-37:0\"><strong>Organisateurs :<\/strong> Mayrule Corporation &amp; Kulturverein Afrokonexion e.V.<\/li>\n<\/ul>\n<p data-sourcepos=\"38:1-38:29\"><strong>Contact et Informations :<\/strong><\/p>\n<p data-sourcepos=\"40:1-40:109\">Pour toute question ou pour plus d&rsquo;informations, n&rsquo;h\u00e9sitez pas \u00e0 contacter l&rsquo;organisation au <strong>01727511982<\/strong>.<\/p>\n<p data-sourcepos=\"42:1-42:164\">Cet \u00e9v\u00e9nement est rendu possible gr\u00e2ce au soutien de nos pr\u00e9cieux partenaires : <strong>Divine Afroshop, DailyRecord, IMPEC, FGT (Fresh Gospel TV)<\/strong> und <strong>L&rsquo;OR Humanit\u00e9<\/strong>.<\/p>\n<p data-sourcepos=\"44:1-44:195\">Venez nombreux partager ce moment unique de connexion et de c\u00e9l\u00e9bration ! C&rsquo;est l&rsquo;occasion r\u00eav\u00e9e de faire de belles rencontres et de vivre une exp\u00e9rience culturelle vibrante au c\u0153ur de Stuttgart.<\/p>","protected":false},"excerpt":{"rendered":"<p>Stuttgart Pr\u00e9pare l&rsquo;\u00c9v\u00e9nement Afro de l&rsquo;\u00c9t\u00e9 : Le Grand AFRO CONNECT BBQ Party au Schlossgarten \u2013 Une Journ\u00e9e Culturelle le [&hellip;]<\/p>\n","protected":false},"author":1,"featured_media":2065,"comment_status":"open","ping_status":"open","sticky":false,"template":"","format":"standard","meta":{"site-sidebar-layout":"default","site-content-layout":"","ast-site-content-layout":"default","site-content-style":"default","site-sidebar-style":"default","ast-global-header-display":"","ast-banner-title-visibility":"","ast-main-header-display":"","ast-hfb-above-header-display":"","ast-hfb-below-header-display":"","ast-hfb-mobile-header-display":"","site-post-title":"","ast-breadcrumbs-content":"","ast-featured-img":"","footer-sml-layout":"","theme-transparent-header-meta":"default","adv-header-id-meta":"","stick-header-meta":"","header-above-stick-meta":"","header-main-stick-meta":"","header-below-stick-meta":"","astra-migrate-meta-layouts":"set","ast-page-background-enabled":"default","ast-page-background-meta":{"desktop":{"background-color":"var(--ast-global-color-4)","background-image":"","background-repeat":"repeat","background-position":"center center","background-size":"auto","background-attachment":"scroll","background-type":"","background-media":"","overlay-type":"","overlay-color":"","overlay-opacity":"","overlay-gradient":""},"tablet":{"background-color":"","background-image":"","background-repeat":"repeat","background-position":"center center","background-size":"auto","background-attachment":"scroll","background-type":"","background-media":"","overlay-type":"","overlay-color":"","overlay-opacity":"","overlay-gradient":""},"mobile":{"background-color":"","background-image":"","background-repeat":"repeat","background-position":"center center","background-size":"auto","background-attachment":"scroll","background-type":"","background-media":"","overlay-type":"","overlay-color":"","overlay-opacity":"","overlay-gradient":""}},"ast-content-background-meta":{"desktop":{"background-color":"var(--ast-global-color-5)","background-image":"","background-repeat":"repeat","background-position":"center center","background-size":"auto","background-attachment":"scroll","background-type":"","background-media":"","overlay-type":"","overlay-color":"","overlay-opacity":"","overlay-gradient":""},"tablet":{"background-color":"var(--ast-global-color-5)","background-image":"","background-repeat":"repeat","background-position":"center center","background-size":"auto","background-attachment":"scroll","background-type":"","background-media":"","overlay-type":"","overlay-color":"","overlay-opacity":"","overlay-gradient":""},"mobile":{"background-color":"var(--ast-global-color-5)","background-image":"","background-repeat":"repeat","background-position":"center center","background-size":"auto","background-attachment":"scroll","background-type":"","background-media":"","overlay-type":"","overlay-color":"","overlay-opacity":"","overlay-gradient":""}},"footnotes":""},"categories":[11,10],"tags":[],"class_list":["post-2059","post","type-post","status-publish","format-standard","has-post-thumbnail","hentry","category-evenements","category-info"],"_links":{"self":[{"href":"https:\/\/kulturverein-afrokonexion.org\/de\/wp-json\/wp\/v2\/posts\/2059","targetHints":{"allow":["GET"]}}],"collection":[{"href":"https:\/\/kulturverein-afrokonexion.org\/de\/wp-json\/wp\/v2\/posts"}],"about":[{"href":"https:\/\/kulturverein-afrokonexion.org\/de\/wp-json\/wp\/v2\/types\/post"}],"author":[{"embeddable":true,"href":"https:\/\/kulturverein-afrokonexion.org\/de\/wp-json\/wp\/v2\/users\/1"}],"replies":[{"embeddable":true,"href":"https:\/\/kulturverein-afrokonexion.org\/de\/wp-json\/wp\/v2\/comments?post=2059"}],"version-history":[{"count":2,"href":"https:\/\/kulturverein-afrokonexion.org\/de\/wp-json\/wp\/v2\/posts\/2059\/revisions"}],"predecessor-version":[{"id":2066,"href":"https:\/\/kulturverein-afrokonexion.org\/de\/wp-json\/wp\/v2\/posts\/2059\/revisions\/2066"}],"wp:featuredmedia":[{"embeddable":true,"href":"https:\/\/kulturverein-afrokonexion.org\/de\/wp-json\/wp\/v2\/media\/2065"}],"wp:attachment":[{"href":"https:\/\/kulturverein-afrokonexion.org\/de\/wp-json\/wp\/v2\/media?parent=2059"}],"wp:term":[{"taxonomy":"category","embeddable":true,"href":"https:\/\/kulturverein-afrokonexion.org\/de\/wp-json\/wp\/v2\/categories?post=2059"},{"taxonomy":"post_tag","embeddable":true,"href":"https:\/\/kulturverein-afrokonexion.org\/de\/wp-json\/wp\/v2\/tags?post=2059"}],"curies":[{"name":"wp","href":"https:\/\/api.w.org\/{rel}","templated":true}]}}