{"id":2115,"date":"2025-07-18T14:38:44","date_gmt":"2025-07-18T12:38:44","guid":{"rendered":"https:\/\/kulturverein-afrokonexion.org\/?p=2115"},"modified":"2025-07-27T19:47:37","modified_gmt":"2025-07-27T17:47:37","slug":"afro-connect-une-rencontre-inoubliable","status":"publish","type":"post","link":"https:\/\/kulturverein-afrokonexion.org\/de\/2025\/07\/18\/afro-connect-une-rencontre-inoubliable\/","title":{"rendered":"Afro Connect \u2013 Ein unvergessliches Treffen"},"content":{"rendered":"<h1>Afro Connect \u2013 Ein unvergessliches Treffen<\/h1>\n<p><img data-dominant-color=\"7a777c\" data-has-transparency=\"false\" style=\"--dominant-color: #7a777c;\" fetchpriority=\"high\" decoding=\"async\" class=\"aligncenter wp-image-2117 size-large not-transparent\" src=\"https:\/\/kulturverein-afrokonexion.org\/wp-content\/uploads\/2025\/07\/WhatsApp-Image-2025-06-23-at-18.30.35-1024x768.avif\" alt=\"Photo Retrouvailles Afro Connect 2025\" width=\"1024\" height=\"768\" srcset=\"https:\/\/kulturverein-afrokonexion.org\/wp-content\/uploads\/2025\/07\/WhatsApp-Image-2025-06-23-at-18.30.35-1024x768.avif 1024w, https:\/\/kulturverein-afrokonexion.org\/wp-content\/uploads\/2025\/07\/WhatsApp-Image-2025-06-23-at-18.30.35-300x225.avif 300w, https:\/\/kulturverein-afrokonexion.org\/wp-content\/uploads\/2025\/07\/WhatsApp-Image-2025-06-23-at-18.30.35-768x576.avif 768w, https:\/\/kulturverein-afrokonexion.org\/wp-content\/uploads\/2025\/07\/WhatsApp-Image-2025-06-23-at-18.30.35-1536x1152.avif 1536w, https:\/\/kulturverein-afrokonexion.org\/wp-content\/uploads\/2025\/07\/WhatsApp-Image-2025-06-23-at-18.30.35-16x12.avif 16w, https:\/\/kulturverein-afrokonexion.org\/wp-content\/uploads\/2025\/07\/WhatsApp-Image-2025-06-23-at-18.30.35.avif 2000w\" sizes=\"(max-width: 1024px) 100vw, 1024px\" \/><\/p>\n<p>Wie wir Ihnen bereits angek\u00fcndigt hatte , (<strong><a href=\"https:\/\/kulturverein-afrokonexion.org\/de\/2025\/05\/30\/afro-connect-bbq-party-stuttgart-21-juin-2025\/\" target=\"_blank\" rel=\"noopener\">Artikel lesen<\/a><\/strong>), le <strong>21 juin 2025<\/strong> restera \u00e0 jamais grav\u00e9 dans nos m\u00e9moires. Malgr\u00e9 une atmosph\u00e8re politique tendue au pays depuis le 6 juin 2025, les Togolais de la diaspora en Allemagne, et leurs amis Allemands et Fran\u00e7ais se sont retrouv\u00e9s dans la ville de Stuttgart Schlossgarten pour c\u00e9l\u00e9brer la solidarit\u00e9, l\u2019identit\u00e9 et l\u2019espoir.<\/p>\n<p>Organis\u00e9e par Mayrule Corporation et Kulturverein Afrokonexion e.V, sous le nom <strong>\u00ab Afro Connect \u00bb<\/strong>, cette rencontre unique, qui est \u00e0 sa 4 \u00e9dition, a rassembl\u00e9 des compatriotes venus de nombreuses villes : Freiburg, T\u00fcbingen, Karlsruhe, Heidelberg, Ulm, Stuttgart, Esslingen, Kirchheim unter Teck, B\u00f6blingen etc&#8230;, et m\u00eame Lyon.\u00a0 Nouveaux arrivants en Europe, plus pr\u00e9cis\u00e9ment en Allemagne, et anciens se sont c\u00f4toy\u00e9s dans un esprit de fraternit\u00e9.<\/p>\n<div class=\"highlight\">\n<p>Au-del\u00e0 des retrouvailles, la journ\u00e9e a \u00e9t\u00e9 rythm\u00e9e par des discussions constructives, un d\u00e9bat fraternel et une pens\u00e9e positive tourn\u00e9e vers l&rsquo;avenir du Togo, qui traverse depuis le 6 juin 2025 un tournant politique difficile.<\/p>\n<\/div>\n<p>Nous avons vibr\u00e9 au rythme de nos traditions : danses <em>Bobobo<\/em>, <em>Agbadja<\/em>, <em>Kamou<\/em>, avec la participation d&rsquo;artistes talentueux.\u00a0 L\u2019ambiance musicale a \u00e9t\u00e9 assur\u00e9e par <strong>DJ Jeff<\/strong>, qui a fait danser tout le monde au son des tendances afro les plus actuelles.<\/p>\n<p>Apr\u00e8s les salutations, les \u00e9changes et les moments de communion, l&rsquo;\u00e9dition Afro Connect 2025, s&rsquo;est achev\u00e9e autour de 21 heures dans une ambiance chaleureuse et pleine de gratitude et de souvenirs inoubliables.<\/p>\n<p><img data-dominant-color=\"90727d\" data-has-transparency=\"false\" style=\"--dominant-color: #90727d;\" decoding=\"async\" class=\"aligncenter wp-image-2119 size-large not-transparent\" src=\"https:\/\/kulturverein-afrokonexion.org\/wp-content\/uploads\/2025\/07\/WhatsApp-Image-2025-06-23-at-18.32.04-4-1024x768.avif\" alt=\"Photo Retrouvailles Afro Connect 2025\" width=\"1024\" height=\"768\" srcset=\"https:\/\/kulturverein-afrokonexion.org\/wp-content\/uploads\/2025\/07\/WhatsApp-Image-2025-06-23-at-18.32.04-4-1024x768.avif 1024w, https:\/\/kulturverein-afrokonexion.org\/wp-content\/uploads\/2025\/07\/WhatsApp-Image-2025-06-23-at-18.32.04-4-300x225.avif 300w, https:\/\/kulturverein-afrokonexion.org\/wp-content\/uploads\/2025\/07\/WhatsApp-Image-2025-06-23-at-18.32.04-4-768x576.avif 768w, https:\/\/kulturverein-afrokonexion.org\/wp-content\/uploads\/2025\/07\/WhatsApp-Image-2025-06-23-at-18.32.04-4-1536x1152.avif 1536w, https:\/\/kulturverein-afrokonexion.org\/wp-content\/uploads\/2025\/07\/WhatsApp-Image-2025-06-23-at-18.32.04-4-16x12.avif 16w, https:\/\/kulturverein-afrokonexion.org\/wp-content\/uploads\/2025\/07\/WhatsApp-Image-2025-06-23-at-18.32.04-4.avif 2000w\" sizes=\"(max-width: 1024px) 100vw, 1024px\" \/><\/p>\n<p>&nbsp;<\/p>\n<h2>Remerciements<\/h2>\n<p>Nous remercions tous les participants, les organisateurs, les artistes et les partenaires.\u00a0 Merci \u00e0 la ville de Stuttgart et d\u2019Esslingen pour leur soutien \u00e0 cette initiative qui contribue \u00e0 renforcer les liens culturels et humains dans nos pays de residence respectif dans la Diaspora.<\/p>\n<p>Afro Connect n&rsquo;est pas un simple \u00e9v\u00e9nement, c\u2019est une vibration commune, une volont\u00e9 de rester connect\u00e9s \u00e0 nos racines, et un pont solide entre nos terres et nos aspirations.<\/p>\n<p>Rendez-vous est prise pour l&rsquo;ann\u00e9e 2026.<\/p>\n<p><strong>NB. <a href=\"https:\/\/kulturverein-afrokonexion.org\/de\/galerie\/\" target=\"_blank\" rel=\"noopener\">Retrouvez les autres photos dans notre galerie<\/a><\/strong><\/p>","protected":false},"excerpt":{"rendered":"<p>Afro Connect \u2013 Une rencontre inoubliable Comme nous vous l&rsquo;avions annonc\u00e9, (Lire l&rsquo;article), le 21 juin 2025 restera \u00e0 jamais [&hellip;]<\/p>\n","protected":false},"author":1,"featured_media":2116,"comment_status":"open","ping_status":"open","sticky":false,"template":"","format":"standard","meta":{"site-sidebar-layout":"default","site-content-layout":"","ast-site-content-layout":"default","site-content-style":"default","site-sidebar-style":"default","ast-global-header-display":"","ast-banner-title-visibility":"","ast-main-header-display":"","ast-hfb-above-header-display":"","ast-hfb-below-header-display":"","ast-hfb-mobile-header-display":"","site-post-title":"","ast-breadcrumbs-content":"","ast-featured-img":"","footer-sml-layout":"","theme-transparent-header-meta":"default","adv-header-id-meta":"","stick-header-meta":"","header-above-stick-meta":"","header-main-stick-meta":"","header-below-stick-meta":"","astra-migrate-meta-layouts":"set","ast-page-background-enabled":"default","ast-page-background-meta":{"desktop":{"background-color":"var(--ast-global-color-4)","background-image":"","background-repeat":"repeat","background-position":"center center","background-size":"auto","background-attachment":"scroll","background-type":"","background-media":"","overlay-type":"","overlay-color":"","overlay-opacity":"","overlay-gradient":""},"tablet":{"background-color":"","background-image":"","background-repeat":"repeat","background-position":"center center","background-size":"auto","background-attachment":"scroll","background-type":"","background-media":"","overlay-type":"","overlay-color":"","overlay-opacity":"","overlay-gradient":""},"mobile":{"background-color":"","background-image":"","background-repeat":"repeat","background-position":"center center","background-size":"auto","background-attachment":"scroll","background-type":"","background-media":"","overlay-type":"","overlay-color":"","overlay-opacity":"","overlay-gradient":""}},"ast-content-background-meta":{"desktop":{"background-color":"var(--ast-global-color-5)","background-image":"","background-repeat":"repeat","background-position":"center center","background-size":"auto","background-attachment":"scroll","background-type":"","background-media":"","overlay-type":"","overlay-color":"","overlay-opacity":"","overlay-gradient":""},"tablet":{"background-color":"var(--ast-global-color-5)","background-image":"","background-repeat":"repeat","background-position":"center center","background-size":"auto","background-attachment":"scroll","background-type":"","background-media":"","overlay-type":"","overlay-color":"","overlay-opacity":"","overlay-gradient":""},"mobile":{"background-color":"var(--ast-global-color-5)","background-image":"","background-repeat":"repeat","background-position":"center center","background-size":"auto","background-attachment":"scroll","background-type":"","background-media":"","overlay-type":"","overlay-color":"","overlay-opacity":"","overlay-gradient":""}},"footnotes":""},"categories":[11],"tags":[],"class_list":["post-2115","post","type-post","status-publish","format-standard","has-post-thumbnail","hentry","category-evenements"],"_links":{"self":[{"href":"https:\/\/kulturverein-afrokonexion.org\/de\/wp-json\/wp\/v2\/posts\/2115","targetHints":{"allow":["GET"]}}],"collection":[{"href":"https:\/\/kulturverein-afrokonexion.org\/de\/wp-json\/wp\/v2\/posts"}],"about":[{"href":"https:\/\/kulturverein-afrokonexion.org\/de\/wp-json\/wp\/v2\/types\/post"}],"author":[{"embeddable":true,"href":"https:\/\/kulturverein-afrokonexion.org\/de\/wp-json\/wp\/v2\/users\/1"}],"replies":[{"embeddable":true,"href":"https:\/\/kulturverein-afrokonexion.org\/de\/wp-json\/wp\/v2\/comments?post=2115"}],"version-history":[{"count":4,"href":"https:\/\/kulturverein-afrokonexion.org\/de\/wp-json\/wp\/v2\/posts\/2115\/revisions"}],"predecessor-version":[{"id":2204,"href":"https:\/\/kulturverein-afrokonexion.org\/de\/wp-json\/wp\/v2\/posts\/2115\/revisions\/2204"}],"wp:featuredmedia":[{"embeddable":true,"href":"https:\/\/kulturverein-afrokonexion.org\/de\/wp-json\/wp\/v2\/media\/2116"}],"wp:attachment":[{"href":"https:\/\/kulturverein-afrokonexion.org\/de\/wp-json\/wp\/v2\/media?parent=2115"}],"wp:term":[{"taxonomy":"category","embeddable":true,"href":"https:\/\/kulturverein-afrokonexion.org\/de\/wp-json\/wp\/v2\/categories?post=2115"},{"taxonomy":"post_tag","embeddable":true,"href":"https:\/\/kulturverein-afrokonexion.org\/de\/wp-json\/wp\/v2\/tags?post=2115"}],"curies":[{"name":"wp","href":"https:\/\/api.w.org\/{rel}","templated":true}]}}