{"id":2233,"date":"2025-07-30T15:41:26","date_gmt":"2025-07-30T13:41:26","guid":{"rendered":"https:\/\/kulturverein-afrokonexion.org\/?p=2233"},"modified":"2025-08-30T15:42:03","modified_gmt":"2025-08-30T13:42:03","slug":"report-de-certains-projets-en-raison-de-la-crise-socio-politique-au-togo","status":"publish","type":"post","link":"https:\/\/kulturverein-afrokonexion.org\/de\/2025\/07\/30\/report-de-certains-projets-en-raison-de-la-crise-socio-politique-au-togo\/","title":{"rendered":"Mitteilung: Verschiebung einiger Projekte aufgrund der sozio-politischen Krise in Togo"},"content":{"rendered":"<p data-start=\"198\" data-end=\"377\">Der Kulturverein <strong data-start=\"212\" data-end=\"233\">Afrokonexion e.V.<\/strong> informiert ihre Partner, Mitglieder und die \u00d6ffentlichkeit dar\u00fcber, dass einige Projekte und Programme, die in unserem Zeitplan f\u00fcr 2025 vorgesehen sind, verschoben werden m\u00fcssen.<\/p>\n<p data-start=\"379\" data-end=\"792\">Seit dem <strong data-start=\"389\" data-end=\"404\">6. Juni 2025<\/strong>, befindet sich Togo <strong data-start=\"427\" data-end=\"460\">in einer tiefgreifenden sozio-politischen Krise<\/strong> die nicht nur die Bev\u00f6lkerung vor gro\u00dfe Herausforderungen stellt, sondern auch internationale Kooperationen und Initiativen betrifft. Als Kulturverein Afrokonexion e.V. f\u00fchlen wir uns in besonderer Weise <strong data-start=\"599\" data-end=\"655\">Solidarit\u00e4t mit unseren Partnern und Gemeinschaften in Togo verpflichtet<\/strong>. Aus diesem Grund haben wir entschieden, bestimmte Projekte und Programme vor\u00fcbergehend zu verschieben.<\/p>\n<p data-start=\"794\" data-end=\"1108\">Wir wissen, dass diese Entscheidung f\u00fcr unsere Partner und Unterst\u00fctzer Unannehmlichkeiten mit sich bringen kann. Gleichzeitig bitten wir <strong data-start=\"946\" data-end=\"966\">um Verst\u00e4ndnis<\/strong> , dass in dieser au\u00dfergew\u00f6hnlichen Situation <strong data-start=\"1036\" data-end=\"1061\">Menschlichkeit und Solidarit\u00e4t<\/strong> Vorrang haben m\u00fcssen.<\/p>\n<p data-start=\"1110\" data-end=\"1354\">Unsere Projekte und Programme werden wieder aufgenommen, sobald die Situation es zul\u00e4sst, und zwar mit derselben Energie und demselben Engagement. Wir sind nach wie vor davon \u00fcberzeugt, dass internationale Solidarit\u00e4t und Dialog der Schl\u00fcssel zur \u00dcberwindung dieser schwierigen Zeit sind.<\/p>\n<p data-start=\"1356\" data-end=\"1517\">Der Exekutivausschuss des Vereins bedankt sich herzlich bei allen Partnern und Unterst\u00fctzern f\u00fcr ihr <strong data-start=\"1458\" data-end=\"1514\">Verst\u00e4ndnis, ihre Geduld und ihre anhaltende Unterst\u00fctzung.<\/strong>.<\/p>","protected":false},"excerpt":{"rendered":"<p>L\u2019association Afrokonexion e.V. informe ses partenaires, ses membres et le public que certains projets et programmes pr\u00e9vus dans notre calendrier [&hellip;]<\/p>\n","protected":false},"author":1,"featured_media":2234,"comment_status":"open","ping_status":"open","sticky":false,"template":"","format":"standard","meta":{"site-sidebar-layout":"default","site-content-layout":"","ast-site-content-layout":"default","site-content-style":"default","site-sidebar-style":"default","ast-global-header-display":"","ast-banner-title-visibility":"","ast-main-header-display":"","ast-hfb-above-header-display":"","ast-hfb-below-header-display":"","ast-hfb-mobile-header-display":"","site-post-title":"","ast-breadcrumbs-content":"","ast-featured-img":"","footer-sml-layout":"","theme-transparent-header-meta":"default","adv-header-id-meta":"","stick-header-meta":"","header-above-stick-meta":"","header-main-stick-meta":"","header-below-stick-meta":"","astra-migrate-meta-layouts":"set","ast-page-background-enabled":"default","ast-page-background-meta":{"desktop":{"background-color":"var(--ast-global-color-4)","background-image":"","background-repeat":"repeat","background-position":"center center","background-size":"auto","background-attachment":"scroll","background-type":"","background-media":"","overlay-type":"","overlay-color":"","overlay-opacity":"","overlay-gradient":""},"tablet":{"background-color":"","background-image":"","background-repeat":"repeat","background-position":"center center","background-size":"auto","background-attachment":"scroll","background-type":"","background-media":"","overlay-type":"","overlay-color":"","overlay-opacity":"","overlay-gradient":""},"mobile":{"background-color":"","background-image":"","background-repeat":"repeat","background-position":"center center","background-size":"auto","background-attachment":"scroll","background-type":"","background-media":"","overlay-type":"","overlay-color":"","overlay-opacity":"","overlay-gradient":""}},"ast-content-background-meta":{"desktop":{"background-color":"var(--ast-global-color-5)","background-image":"","background-repeat":"repeat","background-position":"center center","background-size":"auto","background-attachment":"scroll","background-type":"","background-media":"","overlay-type":"","overlay-color":"","overlay-opacity":"","overlay-gradient":""},"tablet":{"background-color":"var(--ast-global-color-5)","background-image":"","background-repeat":"repeat","background-position":"center center","background-size":"auto","background-attachment":"scroll","background-type":"","background-media":"","overlay-type":"","overlay-color":"","overlay-opacity":"","overlay-gradient":""},"mobile":{"background-color":"var(--ast-global-color-5)","background-image":"","background-repeat":"repeat","background-position":"center center","background-size":"auto","background-attachment":"scroll","background-type":"","background-media":"","overlay-type":"","overlay-color":"","overlay-opacity":"","overlay-gradient":""}},"footnotes":""},"categories":[1],"tags":[],"class_list":["post-2233","post","type-post","status-publish","format-standard","has-post-thumbnail","hentry","category-non-classe"],"_links":{"self":[{"href":"https:\/\/kulturverein-afrokonexion.org\/de\/wp-json\/wp\/v2\/posts\/2233","targetHints":{"allow":["GET"]}}],"collection":[{"href":"https:\/\/kulturverein-afrokonexion.org\/de\/wp-json\/wp\/v2\/posts"}],"about":[{"href":"https:\/\/kulturverein-afrokonexion.org\/de\/wp-json\/wp\/v2\/types\/post"}],"author":[{"embeddable":true,"href":"https:\/\/kulturverein-afrokonexion.org\/de\/wp-json\/wp\/v2\/users\/1"}],"replies":[{"embeddable":true,"href":"https:\/\/kulturverein-afrokonexion.org\/de\/wp-json\/wp\/v2\/comments?post=2233"}],"version-history":[{"count":2,"href":"https:\/\/kulturverein-afrokonexion.org\/de\/wp-json\/wp\/v2\/posts\/2233\/revisions"}],"predecessor-version":[{"id":2236,"href":"https:\/\/kulturverein-afrokonexion.org\/de\/wp-json\/wp\/v2\/posts\/2233\/revisions\/2236"}],"wp:featuredmedia":[{"embeddable":true,"href":"https:\/\/kulturverein-afrokonexion.org\/de\/wp-json\/wp\/v2\/media\/2234"}],"wp:attachment":[{"href":"https:\/\/kulturverein-afrokonexion.org\/de\/wp-json\/wp\/v2\/media?parent=2233"}],"wp:term":[{"taxonomy":"category","embeddable":true,"href":"https:\/\/kulturverein-afrokonexion.org\/de\/wp-json\/wp\/v2\/categories?post=2233"},{"taxonomy":"post_tag","embeddable":true,"href":"https:\/\/kulturverein-afrokonexion.org\/de\/wp-json\/wp\/v2\/tags?post=2233"}],"curies":[{"name":"wp","href":"https:\/\/api.w.org\/{rel}","templated":true}]}}